{"id":19964,"date":"2023-10-11T08:40:24","date_gmt":"2023-10-11T06:40:24","guid":{"rendered":"https:\/\/www.klinger-kempchen.de\/froehlichkeit-und-gemeinschaftssinn-beim-internen-firmenoktoberfest-von-klinger-kempchen\/"},"modified":"2023-11-14T13:32:19","modified_gmt":"2023-11-14T12:32:19","slug":"froehlichkeit-und-gemeinschaftssinn-beim-internen-firmenoktoberfest-von-klinger-kempchen","status":"publish","type":"post","link":"https:\/\/www.klinger-kempchen.de\/cs\/froehlichkeit-und-gemeinschaftssinn-beim-internen-firmenoktoberfest-von-klinger-kempchen\/","title":{"rendered":"WIR SIND KLINGER!"},"content":{"rendered":"\n<h4 class=\"wp-block-heading\">Firmenfeste sind eine Zeit des Zusammenkommens, des Feierns und des Gemeinschaftsgef\u00fchls und so war es auch Ende September bei KLINGER Kempchen gewesen.<\/h4>\n\n\n\n<p>Firmenfeste sind eine Zeit des Zusammenkommens, des Feierns und des Gemeinschaftsgef\u00fchls und so war es auch Ende September bei KLINGER Kempchen gewesen.<br>Mitarbeiterinnen und Mitarbeiter aus allen Abteilungen versammelten sich, um gemeinsam das Oktoberfest zu feiern.<br>Die Veranstaltung bot eine perfekte Gelegenheit f\u00fcr Kolleginnen und Kollegen, sich au\u00dferhalb des Arbeitsumfelds besser kennenzulernen und gemeinsam eine tolle Zeit zu verbringen.<br>Ganz traditionell trugen auch viele Kolleginnen und Kollegen Lederhose und Dirndl, dazu bot die Veranstaltung auch eine breite Palette an k\u00f6stlichen Bayrischen Spezialit\u00e4ten, welche von einem \u00f6rtlichen Catering-Unternehmen geliefert wurden.<br>Die Unterhaltung auf dem Oktoberfest war vielf\u00e4ltig und sorgte f\u00fcr Lachen und gute Laune bei den Teilnehmern. Es gab Live-Musik mit einer bayrischen Band, die die Stimmung mit traditioneller Musik anheizte. Au\u00dferdem wurden verschiedene Spiele und Aktivit\u00e4ten organisiert, darunter ein Dirndl-und-Lederhosencontest und ein Nageln-Wettbewerb, bei dem die Kolleginnen und Kollegen ihre F\u00e4higkeiten unter Beweis stellen konnten.<br>Das Oktoberfest war nicht nur eine Gelegenheit zum Feiern, sondern auch eine M\u00f6glichkeit f\u00fcr das Unternehmen seine Anerkennung und Wertsch\u00e4tzung f\u00fcr die harte Arbeit und das Engagement seiner Mitarbeiterinnen und Mitarbeiter auszudr\u00fccken.<br>Es hat au\u00dferdem gezeigt, wie wichtig Gemeinschaft und Zusammengeh\u00f6rigkeit im Arbeitsleben sind und wie sie die Moral und Bindungen innerhalb des Unternehmens st\u00e4rken k\u00f6nnen.<br>Insgesamt war das Oktoberfest ein fr\u00f6hlicher, geselliger Tag voller Spa\u00df und Gemeinschaftssinn, dazu eine willkommene Abwechslung vom Arbeitsalltag und eine Gelegenheit, die Kolleginnen und Kollegen auf eine neue Art und Weise kennenzulernen.<br>Wir freuen uns auf die n\u00e4chsten Jahre und sind gespannt auf viele weitere Events.<br><\/p>\n\n\n\n<figure class=\"wp-block-gallery has-nested-images columns-default is-cropped wp-block-gallery-1 is-layout-flex wp-block-gallery-is-layout-flex\">\n<figure class=\"wp-block-image size-large\"><img loading=\"lazy\" decoding=\"async\" width=\"1000\" height=\"750\" data-id=\"19950\" src=\"https:\/\/www.klinger-kempchen.de\/wp-content\/uploads\/2023\/10\/DSCN2659-Gruppe.jpg\" alt=\"\" class=\"wp-image-19950\" srcset=\"https:\/\/www.klinger-kempchen.de\/wp-content\/uploads\/2023\/10\/DSCN2659-Gruppe.jpg 1000w, https:\/\/www.klinger-kempchen.de\/wp-content\/uploads\/2023\/10\/DSCN2659-Gruppe-768x576.jpg 768w\" sizes=\"auto, (max-width: 1000px) 100vw, 1000px\" \/><\/figure>\n\n\n\n<figure class=\"wp-block-image size-large\"><img loading=\"lazy\" decoding=\"async\" width=\"1000\" height=\"750\" data-id=\"19947\" src=\"https:\/\/www.klinger-kempchen.de\/wp-content\/uploads\/2023\/10\/DSCN2654-Gruppe.jpg\" alt=\"\" class=\"wp-image-19947\" srcset=\"https:\/\/www.klinger-kempchen.de\/wp-content\/uploads\/2023\/10\/DSCN2654-Gruppe.jpg 1000w, https:\/\/www.klinger-kempchen.de\/wp-content\/uploads\/2023\/10\/DSCN2654-Gruppe-768x576.jpg 768w\" sizes=\"auto, (max-width: 1000px) 100vw, 1000px\" \/><\/figure>\n\n\n\n<figure class=\"wp-block-image size-large\"><img loading=\"lazy\" decoding=\"async\" width=\"480\" height=\"640\" data-id=\"19944\" src=\"https:\/\/www.klinger-kempchen.de\/wp-content\/uploads\/2023\/10\/Bild-mit-Leuten-sitzend.jpg\" alt=\"\" class=\"wp-image-19944\"\/><\/figure>\n\n\n\n<figure class=\"wp-block-image size-large\"><img loading=\"lazy\" decoding=\"async\" width=\"640\" height=\"480\" data-id=\"19941\" src=\"https:\/\/www.klinger-kempchen.de\/wp-content\/uploads\/2023\/10\/Bild-Essen.jpg\" alt=\"\" class=\"wp-image-19941\"\/><\/figure>\n\n\n\n<figure class=\"wp-block-image size-large\"><img decoding=\"async\" data-id=\"19708\" src=\"https:\/\/www.klinger-kempchen.de\/wp-content\/uploads\/2023\/10\/News-Bild.jpg\" alt=\"KLINGER Kempchen Oktoberfest News\" class=\"wp-image-19708\"\/><figcaption class=\"wp-element-caption\">KLINGER Kempchen Oktoberfest News <\/figcaption><\/figure>\n<\/figure>\n","protected":false},"excerpt":{"rendered":"<p>Firmenfeste sind eine Zeit des Zusammenkommens, des Feierns und des Gemeinschaftsgef\u00fchls und so war es auch Ende September bei KLINGER Kempchen gewesen.<br \/>\nMitarbeiterinnen und Mitarbeiter aus allen Abteilungen versammelten sich, um gemeinsam das Oktoberfest zu feiern.<\/p>\n","protected":false},"author":5,"featured_media":20150,"comment_status":"closed","ping_status":"closed","sticky":false,"template":"","format":"standard","meta":{"advgb_blocks_editor_width":"","advgb_blocks_columns_visual_guide":"","iawp_total_views":0,"footnotes":""},"categories":[1],"tags":[],"class_list":["post-19964","post","type-post","status-publish","format-standard","has-post-thumbnail","hentry","category-sin-categoria"],"yoast_head":"<!-- This site is optimized with the Yoast SEO plugin v27.3 - https:\/\/yoast.com\/product\/yoast-seo-wordpress\/ -->\n<title>WIR SIND KLINGER! - KLINGER Kempchen<\/title>\n<meta name=\"description\" content=\"Firmenfeste sind eine Zeit des Zusammenkommens, des Feierns und des Gemeinschaftsgef\u00fchls und so war es auch Ende September bei KLINGER Kempchen gewesen. Mitarbeiterinnen und Mitarbeiter aus allen Abteilungen versammelten sich, um gemeinsam das Oktoberfest zu feiern.\" \/>\n<meta name=\"robots\" content=\"index, follow, max-snippet:-1, max-image-preview:large, max-video-preview:-1\" \/>\n<link rel=\"canonical\" href=\"https:\/\/www.klinger-kempchen.de\/froehlichkeit-und-gemeinschaftssinn-beim-internen-firmenoktoberfest-von-klinger-kempchen\/\" \/>\n<meta property=\"og:locale\" content=\"cs_CZ\" \/>\n<meta property=\"og:type\" content=\"article\" \/>\n<meta property=\"og:title\" content=\"WIR SIND KLINGER! - KLINGER Kempchen\" \/>\n<meta property=\"og:description\" content=\"Firmenfeste sind eine Zeit des Zusammenkommens, des Feierns und des Gemeinschaftsgef\u00fchls und so war es auch Ende September bei KLINGER Kempchen gewesen. Mitarbeiterinnen und Mitarbeiter aus allen Abteilungen versammelten sich, um gemeinsam das Oktoberfest zu feiern.\" \/>\n<meta property=\"og:url\" content=\"https:\/\/www.klinger-kempchen.de\/froehlichkeit-und-gemeinschaftssinn-beim-internen-firmenoktoberfest-von-klinger-kempchen\/\" \/>\n<meta property=\"og:site_name\" content=\"KLINGER Kempchen\" \/>\n<meta property=\"article:published_time\" content=\"2023-10-11T06:40:24+00:00\" \/>\n<meta property=\"article:modified_time\" content=\"2023-11-14T12:32:19+00:00\" \/>\n<meta property=\"og:image\" content=\"https:\/\/www.klinger-kempchen.de\/wp-content\/uploads\/2023\/10\/Herz-WirsindKlinger.jpg\" \/>\n\t<meta property=\"og:image:width\" content=\"768\" \/>\n\t<meta property=\"og:image:height\" content=\"480\" \/>\n\t<meta property=\"og:image:type\" content=\"image\/jpeg\" \/>\n<meta name=\"author\" content=\"Linda H\u00f6nig\" \/>\n<meta name=\"twitter:label1\" content=\"Napsal(a)\" \/>\n\t<meta name=\"twitter:data1\" content=\"Linda H\u00f6nig\" \/>\n\t<meta name=\"twitter:label2\" content=\"Odhadovan\u00e1 doba \u010dten\u00ed\" \/>\n\t<meta name=\"twitter:data2\" content=\"1 minuta\" \/>\n<!-- \/ Yoast SEO plugin. -->","yoast_head_json":{"title":"WIR SIND KLINGER! - KLINGER Kempchen","description":"Firmenfeste sind eine Zeit des Zusammenkommens, des Feierns und des Gemeinschaftsgef\u00fchls und so war es auch Ende September bei KLINGER Kempchen gewesen. Mitarbeiterinnen und Mitarbeiter aus allen Abteilungen versammelten sich, um gemeinsam das Oktoberfest zu feiern.","robots":{"index":"index","follow":"follow","max-snippet":"max-snippet:-1","max-image-preview":"max-image-preview:large","max-video-preview":"max-video-preview:-1"},"canonical":"https:\/\/www.klinger-kempchen.de\/froehlichkeit-und-gemeinschaftssinn-beim-internen-firmenoktoberfest-von-klinger-kempchen\/","og_locale":"cs_CZ","og_type":"article","og_title":"WIR SIND KLINGER! - KLINGER Kempchen","og_description":"Firmenfeste sind eine Zeit des Zusammenkommens, des Feierns und des Gemeinschaftsgef\u00fchls und so war es auch Ende September bei KLINGER Kempchen gewesen. Mitarbeiterinnen und Mitarbeiter aus allen Abteilungen versammelten sich, um gemeinsam das Oktoberfest zu feiern.","og_url":"https:\/\/www.klinger-kempchen.de\/froehlichkeit-und-gemeinschaftssinn-beim-internen-firmenoktoberfest-von-klinger-kempchen\/","og_site_name":"KLINGER Kempchen","article_published_time":"2023-10-11T06:40:24+00:00","article_modified_time":"2023-11-14T12:32:19+00:00","og_image":[{"width":768,"height":480,"url":"https:\/\/www.klinger-kempchen.de\/wp-content\/uploads\/2023\/10\/Herz-WirsindKlinger.jpg","type":"image\/jpeg"}],"author":"Linda H\u00f6nig","twitter_misc":{"Napsal(a)":"Linda H\u00f6nig","Odhadovan\u00e1 doba \u010dten\u00ed":"1 minuta"},"schema":{"@context":"https:\/\/schema.org","@graph":[{"@type":"Article","@id":"https:\/\/www.klinger-kempchen.de\/froehlichkeit-und-gemeinschaftssinn-beim-internen-firmenoktoberfest-von-klinger-kempchen\/#article","isPartOf":{"@id":"https:\/\/www.klinger-kempchen.de\/froehlichkeit-und-gemeinschaftssinn-beim-internen-firmenoktoberfest-von-klinger-kempchen\/"},"author":{"name":"Linda H\u00f6nig","@id":"https:\/\/www.klinger-kempchen.de\/#\/schema\/person\/bac7bc07c7d951f6217ce178997ee275"},"headline":"WIR SIND KLINGER!","datePublished":"2023-10-11T06:40:24+00:00","dateModified":"2023-11-14T12:32:19+00:00","mainEntityOfPage":{"@id":"https:\/\/www.klinger-kempchen.de\/froehlichkeit-und-gemeinschaftssinn-beim-internen-firmenoktoberfest-von-klinger-kempchen\/"},"wordCount":298,"publisher":{"@id":"https:\/\/www.klinger-kempchen.de\/#organization"},"image":{"@id":"https:\/\/www.klinger-kempchen.de\/froehlichkeit-und-gemeinschaftssinn-beim-internen-firmenoktoberfest-von-klinger-kempchen\/#primaryimage"},"thumbnailUrl":"https:\/\/www.klinger-kempchen.de\/wp-content\/uploads\/2023\/10\/Herz-WirsindKlinger.jpg","articleSection":["Sin categor\u00eda"],"inLanguage":"cs"},{"@type":"WebPage","@id":"https:\/\/www.klinger-kempchen.de\/froehlichkeit-und-gemeinschaftssinn-beim-internen-firmenoktoberfest-von-klinger-kempchen\/","url":"https:\/\/www.klinger-kempchen.de\/froehlichkeit-und-gemeinschaftssinn-beim-internen-firmenoktoberfest-von-klinger-kempchen\/","name":"WIR SIND KLINGER! - KLINGER Kempchen","isPartOf":{"@id":"https:\/\/www.klinger-kempchen.de\/#website"},"primaryImageOfPage":{"@id":"https:\/\/www.klinger-kempchen.de\/froehlichkeit-und-gemeinschaftssinn-beim-internen-firmenoktoberfest-von-klinger-kempchen\/#primaryimage"},"image":{"@id":"https:\/\/www.klinger-kempchen.de\/froehlichkeit-und-gemeinschaftssinn-beim-internen-firmenoktoberfest-von-klinger-kempchen\/#primaryimage"},"thumbnailUrl":"https:\/\/www.klinger-kempchen.de\/wp-content\/uploads\/2023\/10\/Herz-WirsindKlinger.jpg","datePublished":"2023-10-11T06:40:24+00:00","dateModified":"2023-11-14T12:32:19+00:00","description":"Firmenfeste sind eine Zeit des Zusammenkommens, des Feierns und des Gemeinschaftsgef\u00fchls und so war es auch Ende September bei KLINGER Kempchen gewesen. Mitarbeiterinnen und Mitarbeiter aus allen Abteilungen versammelten sich, um gemeinsam das Oktoberfest zu feiern.","breadcrumb":{"@id":"https:\/\/www.klinger-kempchen.de\/froehlichkeit-und-gemeinschaftssinn-beim-internen-firmenoktoberfest-von-klinger-kempchen\/#breadcrumb"},"inLanguage":"cs","potentialAction":[{"@type":"ReadAction","target":["https:\/\/www.klinger-kempchen.de\/froehlichkeit-und-gemeinschaftssinn-beim-internen-firmenoktoberfest-von-klinger-kempchen\/"]}]},{"@type":"ImageObject","inLanguage":"cs","@id":"https:\/\/www.klinger-kempchen.de\/froehlichkeit-und-gemeinschaftssinn-beim-internen-firmenoktoberfest-von-klinger-kempchen\/#primaryimage","url":"https:\/\/www.klinger-kempchen.de\/wp-content\/uploads\/2023\/10\/Herz-WirsindKlinger.jpg","contentUrl":"https:\/\/www.klinger-kempchen.de\/wp-content\/uploads\/2023\/10\/Herz-WirsindKlinger.jpg","width":768,"height":480,"caption":"KLINGER Kempchen Oktoberfest"},{"@type":"BreadcrumbList","@id":"https:\/\/www.klinger-kempchen.de\/froehlichkeit-und-gemeinschaftssinn-beim-internen-firmenoktoberfest-von-klinger-kempchen\/#breadcrumb","itemListElement":[{"@type":"ListItem","position":1,"name":"Home","item":"https:\/\/www.klinger-kempchen.de\/"},{"@type":"ListItem","position":2,"name":"WIR SIND KLINGER!"}]},{"@type":"WebSite","@id":"https:\/\/www.klinger-kempchen.de\/#website","url":"https:\/\/www.klinger-kempchen.de\/","name":"KLINGER Kempchen","description":"KLINGER Kempchen","publisher":{"@id":"https:\/\/www.klinger-kempchen.de\/#organization"},"potentialAction":[{"@type":"SearchAction","target":{"@type":"EntryPoint","urlTemplate":"https:\/\/www.klinger-kempchen.de\/?s={search_term_string}"},"query-input":{"@type":"PropertyValueSpecification","valueRequired":true,"valueName":"search_term_string"}}],"inLanguage":"cs"},{"@type":"Organization","@id":"https:\/\/www.klinger-kempchen.de\/#organization","name":"KLINGER-Kempchen","url":"https:\/\/www.klinger-kempchen.de\/","logo":{"@type":"ImageObject","inLanguage":"cs","@id":"https:\/\/www.klinger-kempchen.de\/#\/schema\/logo\/image\/","url":"https:\/\/www.klinger-kempchen.de\/wp-content\/uploads\/2020\/06\/cropped-Klinger-Kempchen-Logo.png","contentUrl":"https:\/\/www.klinger-kempchen.de\/wp-content\/uploads\/2020\/06\/cropped-Klinger-Kempchen-Logo.png","width":512,"height":512,"caption":"KLINGER-Kempchen"},"image":{"@id":"https:\/\/www.klinger-kempchen.de\/#\/schema\/logo\/image\/"}},{"@type":"Person","@id":"https:\/\/www.klinger-kempchen.de\/#\/schema\/person\/bac7bc07c7d951f6217ce178997ee275","name":"Linda H\u00f6nig","sameAs":["http:\/\/www.klinger-kempchen.de"]}]}},"author_meta":{"display_name":"Linda H\u00f6nig","author_link":"https:\/\/www.klinger-kempchen.de\/cs\/author\/linda-hoenig\/"},"featured_img":"https:\/\/www.klinger-kempchen.de\/wp-content\/uploads\/2023\/10\/Herz-WirsindKlinger.jpg","coauthors":[],"tax_additional":{"categories":{"linked":["<a href=\"https:\/\/www.klinger-kempchen.de\/cs\/sin-categoria\/\" class=\"advgb-post-tax-term\">Sin categor\u00eda<\/a>"],"unlinked":["<span class=\"advgb-post-tax-term\">Sin categor\u00eda<\/span>"]}},"comment_count":"0","relative_dates":{"created":"Posted 3 roky ago","modified":"Updated 2 roky ago"},"absolute_dates":{"created":"Posted on 11 \u0159\u00edjna 2023","modified":"Updated on 14 listopadu 2023"},"absolute_dates_time":{"created":"Posted on 11 \u0159\u00edjna 2023 08:40","modified":"Updated on 14 listopadu 2023 13:32"},"featured_img_caption":"","series_order":"","_links":{"self":[{"href":"https:\/\/www.klinger-kempchen.de\/cs\/wp-json\/wp\/v2\/posts\/19964","targetHints":{"allow":["GET"]}}],"collection":[{"href":"https:\/\/www.klinger-kempchen.de\/cs\/wp-json\/wp\/v2\/posts"}],"about":[{"href":"https:\/\/www.klinger-kempchen.de\/cs\/wp-json\/wp\/v2\/types\/post"}],"author":[{"embeddable":true,"href":"https:\/\/www.klinger-kempchen.de\/cs\/wp-json\/wp\/v2\/users\/5"}],"replies":[{"embeddable":true,"href":"https:\/\/www.klinger-kempchen.de\/cs\/wp-json\/wp\/v2\/comments?post=19964"}],"version-history":[{"count":0,"href":"https:\/\/www.klinger-kempchen.de\/cs\/wp-json\/wp\/v2\/posts\/19964\/revisions"}],"wp:featuredmedia":[{"embeddable":true,"href":"https:\/\/www.klinger-kempchen.de\/cs\/wp-json\/wp\/v2\/media\/20150"}],"wp:attachment":[{"href":"https:\/\/www.klinger-kempchen.de\/cs\/wp-json\/wp\/v2\/media?parent=19964"}],"wp:term":[{"taxonomy":"category","embeddable":true,"href":"https:\/\/www.klinger-kempchen.de\/cs\/wp-json\/wp\/v2\/categories?post=19964"},{"taxonomy":"post_tag","embeddable":true,"href":"https:\/\/www.klinger-kempchen.de\/cs\/wp-json\/wp\/v2\/tags?post=19964"}],"curies":[{"name":"wp","href":"https:\/\/api.w.org\/{rel}","templated":true}]}}